{"id":1714,"date":"2016-03-06T19:04:14","date_gmt":"2016-03-06T18:04:14","guid":{"rendered":"http:\/\/www.militaria.malopolska.pl\/?p=1714"},"modified":"2016-03-11T00:16:28","modified_gmt":"2016-03-10T23:16:28","slug":"zawody-zawody-i-po-zawodach","status":"publish","type":"post","link":"http:\/\/www.militaria.malopolska.pl\/?p=1714","title":{"rendered":"Zawody, zawody &#8230;i po zawodach!"},"content":{"rendered":"<p>5 marca 2016 roku o godzinie 10:00 rozegrali\u015bmy otwarte zawody o tytu\u0142 Hansa Klossa. Impreza odby\u0142a si\u0119 na <strong><a href=\"https:\/\/www.militaria.malopolska.pl\/?p=1649\">strzelnicy Pasternik<\/a><\/strong> w Krakowie.<\/p>\n<p style=\"text-align: center;\"><a href=\"https:\/\/www.militaria.malopolska.pl\/wp-content\/uploads\/2016\/03\/DSC01768.jpg\" rel=\"attachment wp-att-1723\" data-rel=\"lightbox-image-0\" data-rl_title=\"\" data-rl_caption=\"\" title=\"\"><img loading=\"lazy\" decoding=\"async\" class=\"alignnone wp-image-1722 size-thumbnail\" src=\"https:\/\/www.militaria.malopolska.pl\/wp-content\/uploads\/2016\/03\/DSC01768-150x150.jpg\" alt=\"\" width=\"150\" height=\"150\" \/><\/a><\/p>\n<p>Strzelali\u015bmy na \u00a03 torach o r\u00f3\u017cnym stopniu trudno\u015bci:<!--more--><br \/>\nTor 1 \u2013 Strzelanie na celno\u015b\u0107 i skupienie do tarczy wzorowanej na przedwojennej <strong><a href=\"https:\/\/www.militaria.malopolska.pl\/wp-content\/uploads\/2016\/03\/TORY-druk.pdf\" target=\"_blank\">(opis toru)<\/a><\/strong><\/p>\n<p><a href=\"https:\/\/www.militaria.malopolska.pl\/wp-content\/uploads\/2016\/03\/P1460250.jpg\" rel=\"attachment wp-att-1766\" data-rel=\"lightbox-image-1\" data-rl_title=\"\" data-rl_caption=\"\" title=\"\"><img loading=\"lazy\" decoding=\"async\" class=\"size-thumbnail wp-image-1766 aligncenter\" src=\"https:\/\/www.militaria.malopolska.pl\/wp-content\/uploads\/2016\/03\/P1460250-150x150.jpg\" alt=\"P1460250\" width=\"150\" height=\"150\" \/><\/a><br \/>\nTor 2 \u2013 Strzelanie do dw\u00f3ch r\u00f3\u017cnych cel\u00f3w\u00a0<strong><a href=\"https:\/\/www.militaria.malopolska.pl\/wp-content\/uploads\/2016\/03\/TORY-druk.pdf\" target=\"_blank\">(opis toru)<\/a><\/strong><\/p>\n<p><a href=\"https:\/\/www.militaria.malopolska.pl\/wp-content\/uploads\/2016\/03\/P1460252.jpg\" rel=\"attachment wp-att-1767\" data-rel=\"lightbox-image-2\" data-rl_title=\"\" data-rl_caption=\"\" title=\"\"><img loading=\"lazy\" decoding=\"async\" class=\"size-thumbnail wp-image-1767 aligncenter\" src=\"https:\/\/www.militaria.malopolska.pl\/wp-content\/uploads\/2016\/03\/P1460252-150x150.jpg\" alt=\"P1460252\" width=\"150\" height=\"150\" \/><\/a><br \/>\nTor 3 \u2013 Strzelanie do kilku cel\u00f3w ze zmian\u0105 magazynka\u00a0<strong><a href=\"https:\/\/www.militaria.malopolska.pl\/wp-content\/uploads\/2016\/03\/TORY-druk.pdf\" target=\"_blank\">(opis toru)<\/a><\/strong><\/p>\n<p><a href=\"https:\/\/www.militaria.malopolska.pl\/wp-content\/uploads\/2016\/03\/P1460253.jpg\" rel=\"attachment wp-att-1768\" data-rel=\"lightbox-image-3\" data-rl_title=\"\" data-rl_caption=\"\" title=\"\"><img loading=\"lazy\" decoding=\"async\" class=\"size-thumbnail wp-image-1768 aligncenter\" src=\"https:\/\/www.militaria.malopolska.pl\/wp-content\/uploads\/2016\/03\/P1460253-150x150.jpg\" alt=\"P1460253\" width=\"150\" height=\"150\" \/><\/a><\/p>\n<p>&nbsp;<\/p>\n<p>O nagrody:<\/p>\n\n\t\t<style type=\"text\/css\">\n\t\t\t#gallery-1 {\n\t\t\t\tmargin: auto;\n\t\t\t}\n\t\t\t#gallery-1 .gallery-item {\n\t\t\t\tfloat: left;\n\t\t\t\tmargin-top: 10px;\n\t\t\t\ttext-align: center;\n\t\t\t\twidth: 33%;\n\t\t\t}\n\t\t\t#gallery-1 img {\n\t\t\t\tborder: 2px solid #cfcfcf;\n\t\t\t}\n\t\t\t#gallery-1 .gallery-caption {\n\t\t\t\tmargin-left: 0;\n\t\t\t}\n\t\t\t\/* see gallery_shortcode() in wp-includes\/media.php *\/\n\t\t<\/style>\n\t\t<div id='gallery-1' class='gallery galleryid-1714 gallery-columns-3 gallery-size-thumbnail'><dl class='gallery-item'>\n\t\t\t<dt class='gallery-icon landscape'>\n\t\t\t\t<a href='http:\/\/www.militaria.malopolska.pl\/wp-content\/uploads\/2016\/03\/1_DSC01794.jpg' title=\"\" data-rl_title=\"\" class=\"rl-gallery-link\" data-rl_caption=\"\" data-rel=\"lightbox-gallery-1\"><img loading=\"lazy\" decoding=\"async\" width=\"150\" height=\"150\" src=\"http:\/\/www.militaria.malopolska.pl\/wp-content\/uploads\/2016\/03\/1_DSC01794-150x150.jpg\" class=\"attachment-thumbnail size-thumbnail\" alt=\"\" \/><\/a>\n\t\t\t<\/dt><\/dl><dl class='gallery-item'>\n\t\t\t<dt class='gallery-icon landscape'>\n\t\t\t\t<a href='http:\/\/www.militaria.malopolska.pl\/wp-content\/uploads\/2016\/03\/P1460256.jpg' title=\"\" data-rl_title=\"\" class=\"rl-gallery-link\" data-rl_caption=\"\" data-rel=\"lightbox-gallery-1\"><img loading=\"lazy\" decoding=\"async\" width=\"150\" height=\"150\" src=\"http:\/\/www.militaria.malopolska.pl\/wp-content\/uploads\/2016\/03\/P1460256-150x150.jpg\" class=\"attachment-thumbnail size-thumbnail\" alt=\"\" \/><\/a>\n\t\t\t<\/dt><\/dl><dl class='gallery-item'>\n\t\t\t<dt class='gallery-icon landscape'>\n\t\t\t\t<a href='http:\/\/www.militaria.malopolska.pl\/wp-content\/uploads\/2016\/03\/Dyplom-32.jpg' title=\"\" data-rl_title=\"\" class=\"rl-gallery-link\" data-rl_caption=\"\" data-rel=\"lightbox-gallery-1\"><img loading=\"lazy\" decoding=\"async\" width=\"150\" height=\"150\" src=\"http:\/\/www.militaria.malopolska.pl\/wp-content\/uploads\/2016\/03\/Dyplom-32-150x150.jpg\" class=\"attachment-thumbnail size-thumbnail\" alt=\"\" \/><\/a>\n\t\t\t<\/dt><\/dl><br style=\"clear: both\" \/>\n\t\t<\/div>\n\n<p>&nbsp;<\/p>\n<p style=\"text-align: left;\">ufundowane mi\u0119dzy innymi przez:<\/p>\n<p style=\"text-align: left;\"><a href=\"https:\/\/www.militaria.malopolska.pl\/wp-content\/uploads\/2016\/02\/Muzeum_Lotnictwa.jpg\" rel=\"attachment wp-att-1673\" data-rel=\"lightbox-image-7\" data-rl_title=\"\" data-rl_caption=\"\" title=\"\"><img loading=\"lazy\" decoding=\"async\" class=\"size-thumbnail wp-image-1673 aligncenter\" src=\"https:\/\/www.militaria.malopolska.pl\/wp-content\/uploads\/2016\/02\/Muzeum_Lotnictwa-150x150.jpg\" alt=\"Muzeum_Lotnictwa\" width=\"150\" height=\"150\" \/><\/a><\/p>\n<p style=\"text-align: center;\"><a href=\"http:\/\/www.muzeumlotnictwa.pl\/\" target=\"_blank\">Muzeum Lotnictwa w Krakowie<\/a><\/p>\n<p style=\"text-align: center;\"><a href=\"https:\/\/www.militaria.malopolska.pl\/wp-content\/uploads\/2016\/02\/logo-KMS_wektory960.jpg\" rel=\"attachment wp-att-1674\" data-rel=\"lightbox-image-8\" data-rl_title=\"\" data-rl_caption=\"\" title=\"\"><img loading=\"lazy\" decoding=\"async\" class=\"alignnone size-thumbnail wp-image-1674\" src=\"https:\/\/www.militaria.malopolska.pl\/wp-content\/uploads\/2016\/02\/logo-KMS_wektory960-150x150.jpg\" alt=\"logo-KMS_wektory960\" width=\"150\" height=\"150\" \/><\/a><br \/>\n<a href=\"http:\/\/www.stawkologia.pl\/\" target=\"_blank\">Klub Mi\u0142o\u015bnik\u00f3w Stawki<\/a><\/p>\n<p style=\"text-align: center;\"><a href=\"https:\/\/www.militaria.malopolska.pl\/wp-content\/uploads\/2016\/02\/BiA.jpg\" rel=\"attachment wp-att-1671\" data-rel=\"lightbox-image-9\" data-rl_title=\"\" data-rl_caption=\"\" title=\"\"><img loading=\"lazy\" decoding=\"async\" class=\"alignnone size-thumbnail wp-image-1671\" src=\"https:\/\/www.militaria.malopolska.pl\/wp-content\/uploads\/2016\/02\/BiA-150x150.jpg\" alt=\"BiA\" width=\"150\" height=\"150\" srcset=\"http:\/\/www.militaria.malopolska.pl\/wp-content\/uploads\/2016\/02\/BiA-150x150.jpg 150w, http:\/\/www.militaria.malopolska.pl\/wp-content\/uploads\/2016\/02\/BiA-300x300.jpg 300w, http:\/\/www.militaria.malopolska.pl\/wp-content\/uploads\/2016\/02\/BiA-768x768.jpg 768w, http:\/\/www.militaria.malopolska.pl\/wp-content\/uploads\/2016\/02\/BiA-1024x1024.jpg 1024w, http:\/\/www.militaria.malopolska.pl\/wp-content\/uploads\/2016\/02\/BiA.jpg 1246w\" sizes=\"auto, (max-width: 150px) 100vw, 150px\" \/><\/a><\/p>\n<p style=\"text-align: center;\"><a href=\"http:\/\/www.bia-tac.pl\/\" target=\"_blank\">Magazyn Bro\u0144 i Amunicja<\/a><\/p>\n<p style=\"text-align: center;\"><a href=\"https:\/\/www.militaria.malopolska.pl\/wp-content\/uploads\/2016\/02\/KPKT.jpg\" rel=\"attachment wp-att-1672\" data-rel=\"lightbox-image-10\" data-rl_title=\"\" data-rl_caption=\"\" title=\"\"><img loading=\"lazy\" decoding=\"async\" class=\"alignnone size-thumbnail wp-image-1672\" src=\"https:\/\/www.militaria.malopolska.pl\/wp-content\/uploads\/2016\/02\/KPKT-150x150.jpg\" alt=\"KPKT\" width=\"150\" height=\"150\" \/><\/a><\/p>\n<p style=\"text-align: center;\"><a href=\"https:\/\/www.facebook.com\/tbellyoc\" target=\"_blank\">Klub Posiadaczy Ka\u0142duna Taktycznego<\/a><\/p>\n<p>walczyli\u015bmy\u00a0jak na Hansa Klossa przysta\u0142o strzelaj\u0105c z Walthera P.38 a dok\u0142adnie z jego wsp\u00f3\u0142czesnej wersji &#8211; P1. Ka\u017cdy zawodnik by\u0142\u00a0wyposa\u017cony w pas z kabur\u0105 i granatem.<\/p>\n<p style=\"text-align: center;\"><a href=\"https:\/\/www.militaria.malopolska.pl\/wp-content\/uploads\/2016\/03\/DSC01867.jpg\" rel=\"attachment wp-att-1781\" data-rel=\"lightbox-image-11\" data-rl_title=\"\" data-rl_caption=\"\" title=\"\"><img loading=\"lazy\" decoding=\"async\" class=\"alignnone size-thumbnail wp-image-1781\" src=\"https:\/\/www.militaria.malopolska.pl\/wp-content\/uploads\/2016\/03\/DSC01867-150x150.jpg\" alt=\"DSC01867\" width=\"150\" height=\"150\" \/><\/a><\/p>\n<p>Wszystko utrzymane w klimacie \u201eStawki Wi\u0119kszej Ni\u017c \u017bycie\u201d<\/p>\n<p>&nbsp;<\/p>\n<p>Uczestnicy wzi\u0119li udzia\u0142 w te\u015bcie ze znajomo\u015bci serialu \u201eStawka Wi\u0119ksza Ni\u017c \u017bycie\u201d opracowanego przez Klub Mi\u0142o\u015bnik\u00f3w Stawki. <strong><a href=\"https:\/\/www.militaria.malopolska.pl\/wp-content\/uploads\/2016\/03\/Komunikat-z-zawod\u00f3w-o-tytu\u0142-HK.pdf\" target=\"_blank\">TUTAJ<\/a><\/strong> mo\u017cna zapozna\u0107 si\u0119 z wynikami<\/p>\n<p>&nbsp;<\/p>\n<p>W czasie zawod\u00f3w du\u017cym zainteresowaniem cieszy\u0142a si\u0119 wystawa niemieckiej broni z czas\u00f3w drugiej wojny \u015bwiatowej ze zbior\u00f3w pana Rafa\u0142a Mynarskiego:<\/p>\n\n\t\t<style type=\"text\/css\">\n\t\t\t#gallery-2 {\n\t\t\t\tmargin: auto;\n\t\t\t}\n\t\t\t#gallery-2 .gallery-item {\n\t\t\t\tfloat: left;\n\t\t\t\tmargin-top: 10px;\n\t\t\t\ttext-align: center;\n\t\t\t\twidth: 25%;\n\t\t\t}\n\t\t\t#gallery-2 img {\n\t\t\t\tborder: 2px solid #cfcfcf;\n\t\t\t}\n\t\t\t#gallery-2 .gallery-caption {\n\t\t\t\tmargin-left: 0;\n\t\t\t}\n\t\t\t\/* see gallery_shortcode() in wp-includes\/media.php *\/\n\t\t<\/style>\n\t\t<div id='gallery-2' class='gallery galleryid-1714 gallery-columns-4 gallery-size-thumbnail'><dl class='gallery-item'>\n\t\t\t<dt class='gallery-icon landscape'>\n\t\t\t\t<a href='http:\/\/www.militaria.malopolska.pl\/wp-content\/uploads\/2016\/03\/DSC01773.jpg' title=\"\" data-rl_title=\"\" class=\"rl-gallery-link\" data-rl_caption=\"\" data-rel=\"lightbox-gallery-2\"><img loading=\"lazy\" decoding=\"async\" width=\"150\" height=\"150\" src=\"http:\/\/www.militaria.malopolska.pl\/wp-content\/uploads\/2016\/03\/DSC01773-150x150.jpg\" class=\"attachment-thumbnail size-thumbnail\" alt=\"\" \/><\/a>\n\t\t\t<\/dt><\/dl><dl class='gallery-item'>\n\t\t\t<dt class='gallery-icon landscape'>\n\t\t\t\t<a href='http:\/\/www.militaria.malopolska.pl\/wp-content\/uploads\/2016\/03\/DSC01772.jpg' title=\"\" data-rl_title=\"\" class=\"rl-gallery-link\" data-rl_caption=\"\" data-rel=\"lightbox-gallery-2\"><img loading=\"lazy\" decoding=\"async\" width=\"150\" height=\"150\" src=\"http:\/\/www.militaria.malopolska.pl\/wp-content\/uploads\/2016\/03\/DSC01772-150x150.jpg\" class=\"attachment-thumbnail size-thumbnail\" alt=\"\" \/><\/a>\n\t\t\t<\/dt><\/dl><dl class='gallery-item'>\n\t\t\t<dt class='gallery-icon landscape'>\n\t\t\t\t<a href='http:\/\/www.militaria.malopolska.pl\/wp-content\/uploads\/2016\/03\/DSC01892.jpg' title=\"\" data-rl_title=\"\" class=\"rl-gallery-link\" data-rl_caption=\"\" data-rel=\"lightbox-gallery-2\"><img loading=\"lazy\" decoding=\"async\" width=\"150\" height=\"150\" src=\"http:\/\/www.militaria.malopolska.pl\/wp-content\/uploads\/2016\/03\/DSC01892-150x150.jpg\" class=\"attachment-thumbnail size-thumbnail\" alt=\"\" \/><\/a>\n\t\t\t<\/dt><\/dl><dl class='gallery-item'>\n\t\t\t<dt class='gallery-icon landscape'>\n\t\t\t\t<a href='http:\/\/www.militaria.malopolska.pl\/wp-content\/uploads\/2016\/03\/DSC01892__.jpg' title=\"\" data-rl_title=\"\" class=\"rl-gallery-link\" data-rl_caption=\"\" data-rel=\"lightbox-gallery-2\"><img loading=\"lazy\" decoding=\"async\" width=\"150\" height=\"150\" src=\"http:\/\/www.militaria.malopolska.pl\/wp-content\/uploads\/2016\/03\/DSC01892__-150x150.jpg\" class=\"attachment-thumbnail size-thumbnail\" alt=\"\" \/><\/a>\n\t\t\t<\/dt><\/dl><br style=\"clear: both\" \/><dl class='gallery-item'>\n\t\t\t<dt class='gallery-icon landscape'>\n\t\t\t\t<a href='http:\/\/www.militaria.malopolska.pl\/wp-content\/uploads\/2016\/03\/DSC01892_.jpg' title=\"\" data-rl_title=\"\" class=\"rl-gallery-link\" data-rl_caption=\"\" data-rel=\"lightbox-gallery-2\"><img loading=\"lazy\" decoding=\"async\" width=\"150\" height=\"150\" src=\"http:\/\/www.militaria.malopolska.pl\/wp-content\/uploads\/2016\/03\/DSC01892_-150x150.jpg\" class=\"attachment-thumbnail size-thumbnail\" alt=\"\" \/><\/a>\n\t\t\t<\/dt><\/dl><dl class='gallery-item'>\n\t\t\t<dt class='gallery-icon landscape'>\n\t\t\t\t<a href='http:\/\/www.militaria.malopolska.pl\/wp-content\/uploads\/2016\/03\/DSC01902.jpg' title=\"\" data-rl_title=\"\" class=\"rl-gallery-link\" data-rl_caption=\"\" data-rel=\"lightbox-gallery-2\"><img loading=\"lazy\" decoding=\"async\" width=\"150\" height=\"150\" src=\"http:\/\/www.militaria.malopolska.pl\/wp-content\/uploads\/2016\/03\/DSC01902-150x150.jpg\" class=\"attachment-thumbnail size-thumbnail\" alt=\"\" \/><\/a>\n\t\t\t<\/dt><\/dl><dl class='gallery-item'>\n\t\t\t<dt class='gallery-icon landscape'>\n\t\t\t\t<a href='http:\/\/www.militaria.malopolska.pl\/wp-content\/uploads\/2016\/03\/DSC01899.jpg' title=\"\" data-rl_title=\"\" class=\"rl-gallery-link\" data-rl_caption=\"\" data-rel=\"lightbox-gallery-2\"><img loading=\"lazy\" decoding=\"async\" width=\"150\" height=\"150\" src=\"http:\/\/www.militaria.malopolska.pl\/wp-content\/uploads\/2016\/03\/DSC01899-150x150.jpg\" class=\"attachment-thumbnail size-thumbnail\" alt=\"\" \/><\/a>\n\t\t\t<\/dt><\/dl><dl class='gallery-item'>\n\t\t\t<dt class='gallery-icon landscape'>\n\t\t\t\t<a href='http:\/\/www.militaria.malopolska.pl\/wp-content\/uploads\/2016\/03\/DSC01892___.jpg' title=\"\" data-rl_title=\"\" class=\"rl-gallery-link\" data-rl_caption=\"\" data-rel=\"lightbox-gallery-2\"><img loading=\"lazy\" decoding=\"async\" width=\"150\" height=\"150\" src=\"http:\/\/www.militaria.malopolska.pl\/wp-content\/uploads\/2016\/03\/DSC01892___-150x150.jpg\" class=\"attachment-thumbnail size-thumbnail\" alt=\"\" \/><\/a>\n\t\t\t<\/dt><\/dl><br style=\"clear: both\" \/><dl class='gallery-item'>\n\t\t\t<dt class='gallery-icon landscape'>\n\t\t\t\t<a href='http:\/\/www.militaria.malopolska.pl\/wp-content\/uploads\/2016\/03\/DSC01893.jpg' title=\"\" data-rl_title=\"\" class=\"rl-gallery-link\" data-rl_caption=\"\" data-rel=\"lightbox-gallery-2\"><img loading=\"lazy\" decoding=\"async\" width=\"150\" height=\"150\" src=\"http:\/\/www.militaria.malopolska.pl\/wp-content\/uploads\/2016\/03\/DSC01893-150x150.jpg\" class=\"attachment-thumbnail size-thumbnail\" alt=\"\" \/><\/a>\n\t\t\t<\/dt><\/dl><dl class='gallery-item'>\n\t\t\t<dt class='gallery-icon landscape'>\n\t\t\t\t<a href='http:\/\/www.militaria.malopolska.pl\/wp-content\/uploads\/2016\/03\/DSC01904.jpg' title=\"\" data-rl_title=\"\" class=\"rl-gallery-link\" data-rl_caption=\"\" data-rel=\"lightbox-gallery-2\"><img loading=\"lazy\" decoding=\"async\" width=\"150\" height=\"150\" src=\"http:\/\/www.militaria.malopolska.pl\/wp-content\/uploads\/2016\/03\/DSC01904-150x150.jpg\" class=\"attachment-thumbnail size-thumbnail\" alt=\"\" \/><\/a>\n\t\t\t<\/dt><\/dl>\n\t\t\t<br style='clear: both' \/>\n\t\t<\/div>\n\n<p>Aby wzi\u0105\u0107 udzia\u0142 w zawodach nie potrzeba by\u0142o mie\u0107 swojej broni ani \u017cadnych uprawnie\u0144. Wystarczy\u0142o mie\u0107 uko\u0144czone 18 lat. M\u0142odzie\u017c po 16 roku \u017cycia r\u00f3wnie\u017c mog\u0142a uczestniczy\u0107 pod warunkiem obecno\u015bci rodzica lub prawnego opiekuna.\u00a0Strzelanie poprowadzili instruktorzy i s\u0119dziowie z wieloletnim do\u015bwiadczeniem.<\/p>\n<p>Bawili\u015bmy si\u0119 \u015bwietnie!!! Zapraszamy do zapoznania si\u0119 z wynikami dost\u0119pnymi <strong><a href=\"https:\/\/www.militaria.malopolska.pl\/wp-content\/uploads\/2016\/03\/Komunikat-z-zawod\u00f3w-o-tytu\u0142-HK.pdf\" target=\"_blank\">TUTAJ<\/a><\/strong><\/p>\n<p>Poni\u017cej kilka zdj\u0119\u0107 z imprezy. Ca\u0142o\u015b\u0107 dost\u0119pna na FTPie dla zarejestrowanych cz\u0142onk\u00f3w.<\/p>\n\n\t\t<style type=\"text\/css\">\n\t\t\t#gallery-3 {\n\t\t\t\tmargin: auto;\n\t\t\t}\n\t\t\t#gallery-3 .gallery-item {\n\t\t\t\tfloat: left;\n\t\t\t\tmargin-top: 10px;\n\t\t\t\ttext-align: center;\n\t\t\t\twidth: 25%;\n\t\t\t}\n\t\t\t#gallery-3 img {\n\t\t\t\tborder: 2px solid #cfcfcf;\n\t\t\t}\n\t\t\t#gallery-3 .gallery-caption {\n\t\t\t\tmargin-left: 0;\n\t\t\t}\n\t\t\t\/* see gallery_shortcode() in wp-includes\/media.php *\/\n\t\t<\/style>\n\t\t<div id='gallery-3' class='gallery galleryid-1714 gallery-columns-4 gallery-size-thumbnail'><dl class='gallery-item'>\n\t\t\t<dt class='gallery-icon landscape'>\n\t\t\t\t<a href='http:\/\/www.militaria.malopolska.pl\/wp-content\/uploads\/2016\/03\/P1460242.jpg' title=\"\" data-rl_title=\"\" class=\"rl-gallery-link\" data-rl_caption=\"\" data-rel=\"lightbox-gallery-3\"><img loading=\"lazy\" decoding=\"async\" width=\"150\" height=\"150\" src=\"http:\/\/www.militaria.malopolska.pl\/wp-content\/uploads\/2016\/03\/P1460242-150x150.jpg\" class=\"attachment-thumbnail size-thumbnail\" alt=\"\" \/><\/a>\n\t\t\t<\/dt><\/dl><dl class='gallery-item'>\n\t\t\t<dt class='gallery-icon landscape'>\n\t\t\t\t<a href='http:\/\/www.militaria.malopolska.pl\/wp-content\/uploads\/2016\/03\/P1460241.jpg' title=\"\" data-rl_title=\"\" class=\"rl-gallery-link\" data-rl_caption=\"\" data-rel=\"lightbox-gallery-3\"><img loading=\"lazy\" decoding=\"async\" width=\"150\" height=\"150\" src=\"http:\/\/www.militaria.malopolska.pl\/wp-content\/uploads\/2016\/03\/P1460241-150x150.jpg\" class=\"attachment-thumbnail size-thumbnail\" alt=\"\" \/><\/a>\n\t\t\t<\/dt><\/dl><dl class='gallery-item'>\n\t\t\t<dt class='gallery-icon landscape'>\n\t\t\t\t<a href='http:\/\/www.militaria.malopolska.pl\/wp-content\/uploads\/2016\/03\/P1460272.jpg' title=\"\" data-rl_title=\"\" class=\"rl-gallery-link\" data-rl_caption=\"\" data-rel=\"lightbox-gallery-3\"><img loading=\"lazy\" decoding=\"async\" width=\"150\" height=\"150\" src=\"http:\/\/www.militaria.malopolska.pl\/wp-content\/uploads\/2016\/03\/P1460272-150x150.jpg\" class=\"attachment-thumbnail size-thumbnail\" alt=\"\" \/><\/a>\n\t\t\t<\/dt><\/dl><dl class='gallery-item'>\n\t\t\t<dt class='gallery-icon landscape'>\n\t\t\t\t<a href='http:\/\/www.militaria.malopolska.pl\/wp-content\/uploads\/2016\/03\/DSC01768.jpg' title=\"\" data-rl_title=\"\" class=\"rl-gallery-link\" data-rl_caption=\"\" data-rel=\"lightbox-gallery-3\"><img loading=\"lazy\" decoding=\"async\" width=\"150\" height=\"150\" src=\"http:\/\/www.militaria.malopolska.pl\/wp-content\/uploads\/2016\/03\/DSC01768-150x150.jpg\" class=\"attachment-thumbnail size-thumbnail\" alt=\"\" \/><\/a>\n\t\t\t<\/dt><\/dl><br style=\"clear: both\" \/><dl class='gallery-item'>\n\t\t\t<dt class='gallery-icon landscape'>\n\t\t\t\t<a href='http:\/\/www.militaria.malopolska.pl\/wp-content\/uploads\/2016\/03\/P1460256.jpg' title=\"\" data-rl_title=\"\" class=\"rl-gallery-link\" data-rl_caption=\"\" data-rel=\"lightbox-gallery-3\"><img loading=\"lazy\" decoding=\"async\" width=\"150\" height=\"150\" src=\"http:\/\/www.militaria.malopolska.pl\/wp-content\/uploads\/2016\/03\/P1460256-150x150.jpg\" class=\"attachment-thumbnail size-thumbnail\" alt=\"\" \/><\/a>\n\t\t\t<\/dt><\/dl><dl class='gallery-item'>\n\t\t\t<dt class='gallery-icon landscape'>\n\t\t\t\t<a href='http:\/\/www.militaria.malopolska.pl\/wp-content\/uploads\/2016\/03\/P1460267.jpg' title=\"\" data-rl_title=\"\" class=\"rl-gallery-link\" data-rl_caption=\"\" data-rel=\"lightbox-gallery-3\"><img loading=\"lazy\" decoding=\"async\" width=\"150\" height=\"150\" src=\"http:\/\/www.militaria.malopolska.pl\/wp-content\/uploads\/2016\/03\/P1460267-150x150.jpg\" class=\"attachment-thumbnail size-thumbnail\" alt=\"\" \/><\/a>\n\t\t\t<\/dt><\/dl><dl class='gallery-item'>\n\t\t\t<dt class='gallery-icon landscape'>\n\t\t\t\t<a href='http:\/\/www.militaria.malopolska.pl\/wp-content\/uploads\/2016\/03\/P1460266.jpg' title=\"\" data-rl_title=\"\" class=\"rl-gallery-link\" data-rl_caption=\"\" data-rel=\"lightbox-gallery-3\"><img loading=\"lazy\" decoding=\"async\" width=\"150\" height=\"150\" src=\"http:\/\/www.militaria.malopolska.pl\/wp-content\/uploads\/2016\/03\/P1460266-150x150.jpg\" class=\"attachment-thumbnail size-thumbnail\" alt=\"\" \/><\/a>\n\t\t\t<\/dt><\/dl><dl class='gallery-item'>\n\t\t\t<dt class='gallery-icon landscape'>\n\t\t\t\t<a href='http:\/\/www.militaria.malopolska.pl\/wp-content\/uploads\/2016\/03\/P1460265.jpg' title=\"\" data-rl_title=\"\" class=\"rl-gallery-link\" data-rl_caption=\"\" data-rel=\"lightbox-gallery-3\"><img loading=\"lazy\" decoding=\"async\" width=\"150\" height=\"150\" src=\"http:\/\/www.militaria.malopolska.pl\/wp-content\/uploads\/2016\/03\/P1460265-150x150.jpg\" class=\"attachment-thumbnail size-thumbnail\" alt=\"\" \/><\/a>\n\t\t\t<\/dt><\/dl><br style=\"clear: both\" \/><dl class='gallery-item'>\n\t\t\t<dt class='gallery-icon landscape'>\n\t\t\t\t<a href='http:\/\/www.militaria.malopolska.pl\/wp-content\/uploads\/2016\/03\/P1460250.jpg' title=\"\" data-rl_title=\"\" class=\"rl-gallery-link\" data-rl_caption=\"\" data-rel=\"lightbox-gallery-3\"><img loading=\"lazy\" decoding=\"async\" width=\"150\" height=\"150\" src=\"http:\/\/www.militaria.malopolska.pl\/wp-content\/uploads\/2016\/03\/P1460250-150x150.jpg\" class=\"attachment-thumbnail size-thumbnail\" alt=\"\" \/><\/a>\n\t\t\t<\/dt><\/dl><dl class='gallery-item'>\n\t\t\t<dt class='gallery-icon landscape'>\n\t\t\t\t<a href='http:\/\/www.militaria.malopolska.pl\/wp-content\/uploads\/2016\/03\/P1460252.jpg' title=\"\" data-rl_title=\"\" class=\"rl-gallery-link\" data-rl_caption=\"\" data-rel=\"lightbox-gallery-3\"><img loading=\"lazy\" decoding=\"async\" width=\"150\" height=\"150\" src=\"http:\/\/www.militaria.malopolska.pl\/wp-content\/uploads\/2016\/03\/P1460252-150x150.jpg\" class=\"attachment-thumbnail size-thumbnail\" alt=\"\" \/><\/a>\n\t\t\t<\/dt><\/dl><dl class='gallery-item'>\n\t\t\t<dt class='gallery-icon landscape'>\n\t\t\t\t<a href='http:\/\/www.militaria.malopolska.pl\/wp-content\/uploads\/2016\/03\/P1460253.jpg' title=\"\" data-rl_title=\"\" class=\"rl-gallery-link\" data-rl_caption=\"\" data-rel=\"lightbox-gallery-3\"><img loading=\"lazy\" decoding=\"async\" width=\"150\" height=\"150\" src=\"http:\/\/www.militaria.malopolska.pl\/wp-content\/uploads\/2016\/03\/P1460253-150x150.jpg\" class=\"attachment-thumbnail size-thumbnail\" alt=\"\" \/><\/a>\n\t\t\t<\/dt><\/dl><dl class='gallery-item'>\n\t\t\t<dt class='gallery-icon landscape'>\n\t\t\t\t<a href='http:\/\/www.militaria.malopolska.pl\/wp-content\/uploads\/2016\/03\/IMG_9987.jpg' title=\"\" data-rl_title=\"\" class=\"rl-gallery-link\" data-rl_caption=\"\" data-rel=\"lightbox-gallery-3\"><img loading=\"lazy\" decoding=\"async\" width=\"150\" height=\"150\" src=\"http:\/\/www.militaria.malopolska.pl\/wp-content\/uploads\/2016\/03\/IMG_9987-150x150.jpg\" class=\"attachment-thumbnail size-thumbnail\" alt=\"\" \/><\/a>\n\t\t\t<\/dt><\/dl><br style=\"clear: both\" \/><dl class='gallery-item'>\n\t\t\t<dt class='gallery-icon landscape'>\n\t\t\t\t<a href='http:\/\/www.militaria.malopolska.pl\/wp-content\/uploads\/2016\/03\/DSC01687.jpg' title=\"\" data-rl_title=\"\" class=\"rl-gallery-link\" data-rl_caption=\"\" data-rel=\"lightbox-gallery-3\"><img loading=\"lazy\" decoding=\"async\" width=\"150\" height=\"150\" src=\"http:\/\/www.militaria.malopolska.pl\/wp-content\/uploads\/2016\/03\/DSC01687-150x150.jpg\" class=\"attachment-thumbnail size-thumbnail\" alt=\"\" \/><\/a>\n\t\t\t<\/dt><\/dl><dl class='gallery-item'>\n\t\t\t<dt class='gallery-icon landscape'>\n\t\t\t\t<a href='http:\/\/www.militaria.malopolska.pl\/wp-content\/uploads\/2016\/03\/DSC01773.jpg' title=\"\" data-rl_title=\"\" class=\"rl-gallery-link\" data-rl_caption=\"\" data-rel=\"lightbox-gallery-3\"><img loading=\"lazy\" decoding=\"async\" width=\"150\" height=\"150\" src=\"http:\/\/www.militaria.malopolska.pl\/wp-content\/uploads\/2016\/03\/DSC01773-150x150.jpg\" class=\"attachment-thumbnail size-thumbnail\" alt=\"\" \/><\/a>\n\t\t\t<\/dt><\/dl><dl class='gallery-item'>\n\t\t\t<dt class='gallery-icon portrait'>\n\t\t\t\t<a href='http:\/\/www.militaria.malopolska.pl\/wp-content\/uploads\/2016\/03\/IMG_9969.jpg' title=\"\" data-rl_title=\"\" class=\"rl-gallery-link\" data-rl_caption=\"\" data-rel=\"lightbox-gallery-3\"><img loading=\"lazy\" decoding=\"async\" width=\"150\" height=\"150\" src=\"http:\/\/www.militaria.malopolska.pl\/wp-content\/uploads\/2016\/03\/IMG_9969-150x150.jpg\" class=\"attachment-thumbnail size-thumbnail\" alt=\"\" \/><\/a>\n\t\t\t<\/dt><\/dl><dl class='gallery-item'>\n\t\t\t<dt class='gallery-icon portrait'>\n\t\t\t\t<a href='http:\/\/www.militaria.malopolska.pl\/wp-content\/uploads\/2016\/03\/DSC01971.jpg' title=\"\" data-rl_title=\"\" class=\"rl-gallery-link\" data-rl_caption=\"\" data-rel=\"lightbox-gallery-3\"><img loading=\"lazy\" decoding=\"async\" width=\"150\" height=\"150\" src=\"http:\/\/www.militaria.malopolska.pl\/wp-content\/uploads\/2016\/03\/DSC01971-150x150.jpg\" class=\"attachment-thumbnail size-thumbnail\" alt=\"\" \/><\/a>\n\t\t\t<\/dt><\/dl><br style=\"clear: both\" \/><dl class='gallery-item'>\n\t\t\t<dt class='gallery-icon landscape'>\n\t\t\t\t<a href='http:\/\/www.militaria.malopolska.pl\/wp-content\/uploads\/2016\/03\/DSC01910.jpg' title=\"\" data-rl_title=\"\" class=\"rl-gallery-link\" data-rl_caption=\"\" data-rel=\"lightbox-gallery-3\"><img loading=\"lazy\" decoding=\"async\" width=\"150\" height=\"150\" src=\"http:\/\/www.militaria.malopolska.pl\/wp-content\/uploads\/2016\/03\/DSC01910-150x150.jpg\" class=\"attachment-thumbnail size-thumbnail\" alt=\"\" \/><\/a>\n\t\t\t<\/dt><\/dl><dl class='gallery-item'>\n\t\t\t<dt class='gallery-icon landscape'>\n\t\t\t\t<a href='http:\/\/www.militaria.malopolska.pl\/wp-content\/uploads\/2016\/03\/DSC01928.jpg' title=\"\" data-rl_title=\"\" class=\"rl-gallery-link\" data-rl_caption=\"\" data-rel=\"lightbox-gallery-3\"><img loading=\"lazy\" decoding=\"async\" width=\"150\" height=\"150\" src=\"http:\/\/www.militaria.malopolska.pl\/wp-content\/uploads\/2016\/03\/DSC01928-150x150.jpg\" class=\"attachment-thumbnail size-thumbnail\" alt=\"\" \/><\/a>\n\t\t\t<\/dt><\/dl><dl class='gallery-item'>\n\t\t\t<dt class='gallery-icon landscape'>\n\t\t\t\t<a href='http:\/\/www.militaria.malopolska.pl\/wp-content\/uploads\/2016\/03\/DSC01941.jpg' title=\"\" data-rl_title=\"\" class=\"rl-gallery-link\" data-rl_caption=\"\" data-rel=\"lightbox-gallery-3\"><img loading=\"lazy\" decoding=\"async\" width=\"150\" height=\"150\" src=\"http:\/\/www.militaria.malopolska.pl\/wp-content\/uploads\/2016\/03\/DSC01941-150x150.jpg\" class=\"attachment-thumbnail size-thumbnail\" alt=\"\" \/><\/a>\n\t\t\t<\/dt><\/dl><dl class='gallery-item'>\n\t\t\t<dt class='gallery-icon landscape'>\n\t\t\t\t<a href='http:\/\/www.militaria.malopolska.pl\/wp-content\/uploads\/2016\/03\/DSC01942.jpg' title=\"\" data-rl_title=\"\" class=\"rl-gallery-link\" data-rl_caption=\"\" data-rel=\"lightbox-gallery-3\"><img loading=\"lazy\" decoding=\"async\" width=\"150\" height=\"150\" src=\"http:\/\/www.militaria.malopolska.pl\/wp-content\/uploads\/2016\/03\/DSC01942-150x150.jpg\" class=\"attachment-thumbnail size-thumbnail\" alt=\"\" \/><\/a>\n\t\t\t<\/dt><\/dl><br style=\"clear: both\" \/><dl class='gallery-item'>\n\t\t\t<dt class='gallery-icon landscape'>\n\t\t\t\t<a href='http:\/\/www.militaria.malopolska.pl\/wp-content\/uploads\/2016\/03\/DSC01701.jpg' title=\"\" data-rl_title=\"\" class=\"rl-gallery-link\" data-rl_caption=\"\" data-rel=\"lightbox-gallery-3\"><img loading=\"lazy\" decoding=\"async\" width=\"150\" height=\"150\" src=\"http:\/\/www.militaria.malopolska.pl\/wp-content\/uploads\/2016\/03\/DSC01701-150x150.jpg\" class=\"attachment-thumbnail size-thumbnail\" alt=\"\" \/><\/a>\n\t\t\t<\/dt><\/dl><dl class='gallery-item'>\n\t\t\t<dt class='gallery-icon landscape'>\n\t\t\t\t<a href='http:\/\/www.militaria.malopolska.pl\/wp-content\/uploads\/2016\/03\/DSC01772.jpg' title=\"\" data-rl_title=\"\" class=\"rl-gallery-link\" data-rl_caption=\"\" data-rel=\"lightbox-gallery-3\"><img loading=\"lazy\" decoding=\"async\" width=\"150\" height=\"150\" src=\"http:\/\/www.militaria.malopolska.pl\/wp-content\/uploads\/2016\/03\/DSC01772-150x150.jpg\" class=\"attachment-thumbnail size-thumbnail\" alt=\"\" \/><\/a>\n\t\t\t<\/dt><\/dl><dl class='gallery-item'>\n\t\t\t<dt class='gallery-icon landscape'>\n\t\t\t\t<a href='http:\/\/www.militaria.malopolska.pl\/wp-content\/uploads\/2016\/03\/DSC01788.jpg' title=\"\" data-rl_title=\"\" class=\"rl-gallery-link\" data-rl_caption=\"\" data-rel=\"lightbox-gallery-3\"><img loading=\"lazy\" decoding=\"async\" width=\"150\" height=\"150\" src=\"http:\/\/www.militaria.malopolska.pl\/wp-content\/uploads\/2016\/03\/DSC01788-150x150.jpg\" class=\"attachment-thumbnail size-thumbnail\" alt=\"\" \/><\/a>\n\t\t\t<\/dt><\/dl><dl class='gallery-item'>\n\t\t\t<dt class='gallery-icon portrait'>\n\t\t\t\t<a href='http:\/\/www.militaria.malopolska.pl\/wp-content\/uploads\/2016\/03\/DSC01815.jpg' title=\"\" data-rl_title=\"\" class=\"rl-gallery-link\" data-rl_caption=\"\" data-rel=\"lightbox-gallery-3\"><img loading=\"lazy\" decoding=\"async\" width=\"150\" height=\"150\" src=\"http:\/\/www.militaria.malopolska.pl\/wp-content\/uploads\/2016\/03\/DSC01815-150x150.jpg\" class=\"attachment-thumbnail size-thumbnail\" alt=\"\" \/><\/a>\n\t\t\t<\/dt><\/dl><br style=\"clear: both\" \/><dl class='gallery-item'>\n\t\t\t<dt class='gallery-icon portrait'>\n\t\t\t\t<a href='http:\/\/www.militaria.malopolska.pl\/wp-content\/uploads\/2016\/03\/DSC01800.jpg' title=\"\" data-rl_title=\"\" class=\"rl-gallery-link\" data-rl_caption=\"\" data-rel=\"lightbox-gallery-3\"><img loading=\"lazy\" decoding=\"async\" width=\"150\" height=\"150\" src=\"http:\/\/www.militaria.malopolska.pl\/wp-content\/uploads\/2016\/03\/DSC01800-150x150.jpg\" class=\"attachment-thumbnail size-thumbnail\" alt=\"\" \/><\/a>\n\t\t\t<\/dt><\/dl><dl class='gallery-item'>\n\t\t\t<dt class='gallery-icon portrait'>\n\t\t\t\t<a href='http:\/\/www.militaria.malopolska.pl\/wp-content\/uploads\/2016\/03\/DSC01804.jpg' title=\"\" data-rl_title=\"\" class=\"rl-gallery-link\" data-rl_caption=\"\" data-rel=\"lightbox-gallery-3\"><img loading=\"lazy\" decoding=\"async\" width=\"150\" height=\"150\" src=\"http:\/\/www.militaria.malopolska.pl\/wp-content\/uploads\/2016\/03\/DSC01804-150x150.jpg\" class=\"attachment-thumbnail size-thumbnail\" alt=\"\" \/><\/a>\n\t\t\t<\/dt><\/dl><dl class='gallery-item'>\n\t\t\t<dt class='gallery-icon portrait'>\n\t\t\t\t<a href='http:\/\/www.militaria.malopolska.pl\/wp-content\/uploads\/2016\/03\/DSC01802.jpg' title=\"\" data-rl_title=\"\" class=\"rl-gallery-link\" data-rl_caption=\"\" data-rel=\"lightbox-gallery-3\"><img loading=\"lazy\" decoding=\"async\" width=\"150\" height=\"150\" src=\"http:\/\/www.militaria.malopolska.pl\/wp-content\/uploads\/2016\/03\/DSC01802-150x150.jpg\" class=\"attachment-thumbnail size-thumbnail\" alt=\"\" \/><\/a>\n\t\t\t<\/dt><\/dl><dl class='gallery-item'>\n\t\t\t<dt class='gallery-icon portrait'>\n\t\t\t\t<a href='http:\/\/www.militaria.malopolska.pl\/wp-content\/uploads\/2016\/03\/DSC01808.jpg' title=\"\" data-rl_title=\"\" class=\"rl-gallery-link\" data-rl_caption=\"\" data-rel=\"lightbox-gallery-3\"><img loading=\"lazy\" decoding=\"async\" width=\"150\" height=\"150\" src=\"http:\/\/www.militaria.malopolska.pl\/wp-content\/uploads\/2016\/03\/DSC01808-150x150.jpg\" class=\"attachment-thumbnail size-thumbnail\" alt=\"\" \/><\/a>\n\t\t\t<\/dt><\/dl><br style=\"clear: both\" \/><dl class='gallery-item'>\n\t\t\t<dt class='gallery-icon portrait'>\n\t\t\t\t<a href='http:\/\/www.militaria.malopolska.pl\/wp-content\/uploads\/2016\/03\/DSC01858.jpg' title=\"\" data-rl_title=\"\" class=\"rl-gallery-link\" data-rl_caption=\"\" data-rel=\"lightbox-gallery-3\"><img loading=\"lazy\" decoding=\"async\" width=\"150\" height=\"150\" src=\"http:\/\/www.militaria.malopolska.pl\/wp-content\/uploads\/2016\/03\/DSC01858-150x150.jpg\" class=\"attachment-thumbnail size-thumbnail\" alt=\"\" \/><\/a>\n\t\t\t<\/dt><\/dl><dl class='gallery-item'>\n\t\t\t<dt class='gallery-icon portrait'>\n\t\t\t\t<a href='http:\/\/www.militaria.malopolska.pl\/wp-content\/uploads\/2016\/03\/DSC01859.jpg' title=\"\" data-rl_title=\"\" class=\"rl-gallery-link\" data-rl_caption=\"\" data-rel=\"lightbox-gallery-3\"><img loading=\"lazy\" decoding=\"async\" width=\"150\" height=\"150\" src=\"http:\/\/www.militaria.malopolska.pl\/wp-content\/uploads\/2016\/03\/DSC01859-150x150.jpg\" class=\"attachment-thumbnail size-thumbnail\" alt=\"\" \/><\/a>\n\t\t\t<\/dt><\/dl><dl class='gallery-item'>\n\t\t\t<dt class='gallery-icon portrait'>\n\t\t\t\t<a href='http:\/\/www.militaria.malopolska.pl\/wp-content\/uploads\/2016\/03\/DSC01871.jpg' title=\"\" data-rl_title=\"\" class=\"rl-gallery-link\" data-rl_caption=\"\" data-rel=\"lightbox-gallery-3\"><img loading=\"lazy\" decoding=\"async\" width=\"150\" height=\"150\" src=\"http:\/\/www.militaria.malopolska.pl\/wp-content\/uploads\/2016\/03\/DSC01871-150x150.jpg\" class=\"attachment-thumbnail size-thumbnail\" alt=\"\" \/><\/a>\n\t\t\t<\/dt><\/dl><dl class='gallery-item'>\n\t\t\t<dt class='gallery-icon landscape'>\n\t\t\t\t<a href='http:\/\/www.militaria.malopolska.pl\/wp-content\/uploads\/2016\/03\/DSC01878.jpg' title=\"\" data-rl_title=\"\" class=\"rl-gallery-link\" data-rl_caption=\"\" data-rel=\"lightbox-gallery-3\"><img loading=\"lazy\" decoding=\"async\" width=\"150\" height=\"150\" src=\"http:\/\/www.militaria.malopolska.pl\/wp-content\/uploads\/2016\/03\/DSC01878-150x150.jpg\" class=\"attachment-thumbnail size-thumbnail\" alt=\"\" \/><\/a>\n\t\t\t<\/dt><\/dl><br style=\"clear: both\" \/><dl class='gallery-item'>\n\t\t\t<dt class='gallery-icon portrait'>\n\t\t\t\t<a href='http:\/\/www.militaria.malopolska.pl\/wp-content\/uploads\/2016\/03\/DSC01843.jpg' title=\"\" data-rl_title=\"\" class=\"rl-gallery-link\" data-rl_caption=\"\" data-rel=\"lightbox-gallery-3\"><img loading=\"lazy\" decoding=\"async\" width=\"150\" height=\"150\" src=\"http:\/\/www.militaria.malopolska.pl\/wp-content\/uploads\/2016\/03\/DSC01843-150x150.jpg\" class=\"attachment-thumbnail size-thumbnail\" alt=\"\" \/><\/a>\n\t\t\t<\/dt><\/dl><dl class='gallery-item'>\n\t\t\t<dt class='gallery-icon landscape'>\n\t\t\t\t<a href='http:\/\/www.militaria.malopolska.pl\/wp-content\/uploads\/2016\/03\/DSC01847.jpg' title=\"\" data-rl_title=\"\" class=\"rl-gallery-link\" data-rl_caption=\"\" data-rel=\"lightbox-gallery-3\"><img loading=\"lazy\" decoding=\"async\" width=\"150\" height=\"150\" src=\"http:\/\/www.militaria.malopolska.pl\/wp-content\/uploads\/2016\/03\/DSC01847-150x150.jpg\" class=\"attachment-thumbnail size-thumbnail\" alt=\"\" \/><\/a>\n\t\t\t<\/dt><\/dl><dl class='gallery-item'>\n\t\t\t<dt class='gallery-icon portrait'>\n\t\t\t\t<a href='http:\/\/www.militaria.malopolska.pl\/wp-content\/uploads\/2016\/03\/DSC01774.jpg' title=\"\" data-rl_title=\"\" class=\"rl-gallery-link\" data-rl_caption=\"\" data-rel=\"lightbox-gallery-3\"><img loading=\"lazy\" decoding=\"async\" width=\"150\" height=\"150\" src=\"http:\/\/www.militaria.malopolska.pl\/wp-content\/uploads\/2016\/03\/DSC01774-150x150.jpg\" class=\"attachment-thumbnail size-thumbnail\" alt=\"\" \/><\/a>\n\t\t\t<\/dt><\/dl><dl class='gallery-item'>\n\t\t\t<dt class='gallery-icon landscape'>\n\t\t\t\t<a href='http:\/\/www.militaria.malopolska.pl\/wp-content\/uploads\/2016\/03\/DSC02005.jpg' title=\"\" data-rl_title=\"\" class=\"rl-gallery-link\" data-rl_caption=\"\" data-rel=\"lightbox-gallery-3\"><img loading=\"lazy\" decoding=\"async\" width=\"150\" height=\"150\" src=\"http:\/\/www.militaria.malopolska.pl\/wp-content\/uploads\/2016\/03\/DSC02005-150x150.jpg\" class=\"attachment-thumbnail size-thumbnail\" alt=\"\" \/><\/a>\n\t\t\t<\/dt><\/dl><br style=\"clear: both\" \/><dl class='gallery-item'>\n\t\t\t<dt class='gallery-icon portrait'>\n\t\t\t\t<a href='http:\/\/www.militaria.malopolska.pl\/wp-content\/uploads\/2016\/03\/DSC01985.jpg' title=\"\" data-rl_title=\"\" class=\"rl-gallery-link\" data-rl_caption=\"\" data-rel=\"lightbox-gallery-3\"><img loading=\"lazy\" decoding=\"async\" width=\"150\" height=\"150\" src=\"http:\/\/www.militaria.malopolska.pl\/wp-content\/uploads\/2016\/03\/DSC01985-150x150.jpg\" class=\"attachment-thumbnail size-thumbnail\" alt=\"\" \/><\/a>\n\t\t\t<\/dt><\/dl><dl class='gallery-item'>\n\t\t\t<dt class='gallery-icon landscape'>\n\t\t\t\t<a href='http:\/\/www.militaria.malopolska.pl\/wp-content\/uploads\/2016\/03\/DSC02009.jpg' title=\"\" data-rl_title=\"\" class=\"rl-gallery-link\" data-rl_caption=\"\" data-rel=\"lightbox-gallery-3\"><img loading=\"lazy\" decoding=\"async\" width=\"150\" height=\"150\" src=\"http:\/\/www.militaria.malopolska.pl\/wp-content\/uploads\/2016\/03\/DSC02009-150x150.jpg\" class=\"attachment-thumbnail size-thumbnail\" alt=\"\" \/><\/a>\n\t\t\t<\/dt><\/dl><dl class='gallery-item'>\n\t\t\t<dt class='gallery-icon portrait'>\n\t\t\t\t<a href='http:\/\/www.militaria.malopolska.pl\/wp-content\/uploads\/2016\/03\/DSC02000.jpg' title=\"\" data-rl_title=\"\" class=\"rl-gallery-link\" data-rl_caption=\"\" data-rel=\"lightbox-gallery-3\"><img loading=\"lazy\" decoding=\"async\" width=\"150\" height=\"150\" src=\"http:\/\/www.militaria.malopolska.pl\/wp-content\/uploads\/2016\/03\/DSC02000-150x150.jpg\" class=\"attachment-thumbnail size-thumbnail\" alt=\"\" \/><\/a>\n\t\t\t<\/dt><\/dl><dl class='gallery-item'>\n\t\t\t<dt class='gallery-icon landscape'>\n\t\t\t\t<a href='http:\/\/www.militaria.malopolska.pl\/wp-content\/uploads\/2016\/03\/DSC01990.jpg' title=\"\" data-rl_title=\"\" class=\"rl-gallery-link\" data-rl_caption=\"\" data-rel=\"lightbox-gallery-3\"><img loading=\"lazy\" decoding=\"async\" width=\"150\" height=\"150\" src=\"http:\/\/www.militaria.malopolska.pl\/wp-content\/uploads\/2016\/03\/DSC01990-150x150.jpg\" class=\"attachment-thumbnail size-thumbnail\" alt=\"\" \/><\/a>\n\t\t\t<\/dt><\/dl><br style=\"clear: both\" \/><dl class='gallery-item'>\n\t\t\t<dt class='gallery-icon portrait'>\n\t\t\t\t<a href='http:\/\/www.militaria.malopolska.pl\/wp-content\/uploads\/2016\/03\/DSC01989.jpg' title=\"\" data-rl_title=\"\" class=\"rl-gallery-link\" data-rl_caption=\"\" data-rel=\"lightbox-gallery-3\"><img loading=\"lazy\" decoding=\"async\" width=\"150\" height=\"150\" src=\"http:\/\/www.militaria.malopolska.pl\/wp-content\/uploads\/2016\/03\/DSC01989-150x150.jpg\" class=\"attachment-thumbnail size-thumbnail\" alt=\"\" \/><\/a>\n\t\t\t<\/dt><\/dl><dl class='gallery-item'>\n\t\t\t<dt class='gallery-icon landscape'>\n\t\t\t\t<a href='http:\/\/www.militaria.malopolska.pl\/wp-content\/uploads\/2016\/03\/DSC02024.jpg' title=\"\" data-rl_title=\"\" class=\"rl-gallery-link\" data-rl_caption=\"\" data-rel=\"lightbox-gallery-3\"><img loading=\"lazy\" decoding=\"async\" width=\"150\" height=\"150\" src=\"http:\/\/www.militaria.malopolska.pl\/wp-content\/uploads\/2016\/03\/DSC02024-150x150.jpg\" class=\"attachment-thumbnail size-thumbnail\" alt=\"\" \/><\/a>\n\t\t\t<\/dt><\/dl><dl class='gallery-item'>\n\t\t\t<dt class='gallery-icon landscape'>\n\t\t\t\t<a href='http:\/\/www.militaria.malopolska.pl\/wp-content\/uploads\/2016\/03\/DSC02019.jpg' title=\"\" data-rl_title=\"\" class=\"rl-gallery-link\" data-rl_caption=\"\" data-rel=\"lightbox-gallery-3\"><img loading=\"lazy\" decoding=\"async\" width=\"150\" height=\"150\" src=\"http:\/\/www.militaria.malopolska.pl\/wp-content\/uploads\/2016\/03\/DSC02019-150x150.jpg\" class=\"attachment-thumbnail size-thumbnail\" alt=\"\" \/><\/a>\n\t\t\t<\/dt><\/dl><dl class='gallery-item'>\n\t\t\t<dt class='gallery-icon portrait'>\n\t\t\t\t<a href='http:\/\/www.militaria.malopolska.pl\/wp-content\/uploads\/2016\/03\/DSC02002.jpg' title=\"\" data-rl_title=\"\" class=\"rl-gallery-link\" data-rl_caption=\"\" data-rel=\"lightbox-gallery-3\"><img loading=\"lazy\" decoding=\"async\" width=\"150\" height=\"150\" src=\"http:\/\/www.militaria.malopolska.pl\/wp-content\/uploads\/2016\/03\/DSC02002-150x150.jpg\" class=\"attachment-thumbnail size-thumbnail\" alt=\"\" \/><\/a>\n\t\t\t<\/dt><\/dl><br style=\"clear: both\" \/><dl class='gallery-item'>\n\t\t\t<dt class='gallery-icon landscape'>\n\t\t\t\t<a href='http:\/\/www.militaria.malopolska.pl\/wp-content\/uploads\/2016\/03\/DSC02010.jpg' title=\"\" data-rl_title=\"\" class=\"rl-gallery-link\" data-rl_caption=\"\" data-rel=\"lightbox-gallery-3\"><img loading=\"lazy\" decoding=\"async\" width=\"150\" height=\"150\" src=\"http:\/\/www.militaria.malopolska.pl\/wp-content\/uploads\/2016\/03\/DSC02010-150x150.jpg\" class=\"attachment-thumbnail size-thumbnail\" alt=\"\" \/><\/a>\n\t\t\t<\/dt><\/dl>\n\t\t\t<br style='clear: both' \/>\n\t\t<\/div>\n\n<p>Wkr\u00f3tce pojawi\u0105 si\u0119 r\u00f3wnie\u017c materia\u0142y wideo. Zapraszamy do subskrybowania naszego kana\u0142u na <strong><a href=\"https:\/\/www.youtube.com\/channel\/UCNThoLonY38Xta-UCQ9a2iw\" target=\"_blank\">Youtube<\/a><\/strong><br \/>\n<iframe loading=\"lazy\" src=\"https:\/\/www.youtube.com\/embed\/aOd11honYe0\" width=\"560\" height=\"315\" frameborder=\"0\" allowfullscreen=\"allowfullscreen\"><\/iframe><br \/>\n<iframe loading=\"lazy\" src=\"https:\/\/www.youtube.com\/embed\/S7fah3LzhEs\" width=\"560\" height=\"315\" frameborder=\"0\" allowfullscreen=\"allowfullscreen\"><\/iframe><br \/>\n<iframe loading=\"lazy\" src=\"https:\/\/www.youtube.com\/embed\/sOkyb2Zvhtw\" width=\"560\" height=\"315\" frameborder=\"0\" allowfullscreen=\"allowfullscreen\"><\/iframe><br \/>\n<iframe loading=\"lazy\" width=\"560\" height=\"315\" src=\"https:\/\/www.youtube.com\/embed\/BeraTUauaAM\" frameborder=\"0\" allowfullscreen><\/iframe><\/p>\n<p style=\"text-align: center;\"><strong>O\u015aWIADCZENIE!<\/strong><br \/>\nMy &#8211; cz\u0142onkowie Ma\u0142opolskiego Stowarzyszenia Strzelc\u00f3w i Kolekcjoner\u00f3w Militari\u00f3w o\u015bwiadczamy, \u017ce w \u017caden spos\u00f3b naszym celem nie jest propagowanie nazizmu, faszyzmu ani innych ustroj\u00f3w totalitarnych. Kanwa zawod\u00f3w jest oparta na kultowym serialu TVP \u201eStawka Wi\u0119ksza Ni\u017c \u017bycie\u201d.<br \/>\nNasze stowarzyszenie nie zarabia na zawodach &#8211; koszt \u201estartowego\u201d pokrywa w ca\u0142o\u015bci koszt organizacji imprezy. Mi\u0119dzy innymi: koszt wynaj\u0119cia strzelnicy, zakupu amunicji, nagr\u00f3d itp. Tak naprawd\u0119 to dok\u0142adamy do tego interesu, ale takie mamy hobby \ud83d\ude09<br \/>\nNaszymi jedynymi celami s\u0105\u00a0&#8211; dobra zabawa i propagowanie strzelectwa w spo\u0142ecze\u0144stwie.<\/p>\n","protected":false},"excerpt":{"rendered":"<p>5 marca 2016 roku o godzinie 10:00 rozegrali\u015bmy otwarte zawody o tytu\u0142 Hansa Klossa. Impreza odby\u0142a si\u0119 na strzelnicy Pasternik w Krakowie. Strzelali\u015bmy na \u00a03 torach o r\u00f3\u017cnym stopniu trudno\u015bci:<\/p>\n","protected":false},"author":3,"featured_media":1717,"comment_status":"closed","ping_status":"closed","sticky":false,"template":"","format":"standard","meta":{"footnotes":""},"categories":[14,1],"tags":[32,33,22],"class_list":["post-1714","post","type-post","status-publish","format-standard","has-post-thumbnail","hentry","category-news","category-komunikaty","tag-hans-kloss","tag-kaldun","tag-mssikm"],"_links":{"self":[{"href":"http:\/\/www.militaria.malopolska.pl\/index.php?rest_route=\/wp\/v2\/posts\/1714","targetHints":{"allow":["GET"]}}],"collection":[{"href":"http:\/\/www.militaria.malopolska.pl\/index.php?rest_route=\/wp\/v2\/posts"}],"about":[{"href":"http:\/\/www.militaria.malopolska.pl\/index.php?rest_route=\/wp\/v2\/types\/post"}],"author":[{"embeddable":true,"href":"http:\/\/www.militaria.malopolska.pl\/index.php?rest_route=\/wp\/v2\/users\/3"}],"replies":[{"embeddable":true,"href":"http:\/\/www.militaria.malopolska.pl\/index.php?rest_route=%2Fwp%2Fv2%2Fcomments&post=1714"}],"version-history":[{"count":27,"href":"http:\/\/www.militaria.malopolska.pl\/index.php?rest_route=\/wp\/v2\/posts\/1714\/revisions"}],"predecessor-version":[{"id":1776,"href":"http:\/\/www.militaria.malopolska.pl\/index.php?rest_route=\/wp\/v2\/posts\/1714\/revisions\/1776"}],"wp:featuredmedia":[{"embeddable":true,"href":"http:\/\/www.militaria.malopolska.pl\/index.php?rest_route=\/wp\/v2\/media\/1717"}],"wp:attachment":[{"href":"http:\/\/www.militaria.malopolska.pl\/index.php?rest_route=%2Fwp%2Fv2%2Fmedia&parent=1714"}],"wp:term":[{"taxonomy":"category","embeddable":true,"href":"http:\/\/www.militaria.malopolska.pl\/index.php?rest_route=%2Fwp%2Fv2%2Fcategories&post=1714"},{"taxonomy":"post_tag","embeddable":true,"href":"http:\/\/www.militaria.malopolska.pl\/index.php?rest_route=%2Fwp%2Fv2%2Ftags&post=1714"}],"curies":[{"name":"wp","href":"https:\/\/api.w.org\/{rel}","templated":true}]}}